{"id":15424,"date":"2025-11-07T18:52:44","date_gmt":"2025-11-07T17:52:44","guid":{"rendered":"https:\/\/www.laurofundazioa.eus\/euskara-aisia-eta-kirola-gabonetako-kanpusean\/"},"modified":"2025-11-18T14:50:46","modified_gmt":"2025-11-18T13:50:46","slug":"euskara-aisia-eta-kirola-gabonetako-kanpusean","status":"publish","type":"post","link":"https:\/\/www.laurofundazioa.eus\/es\/euskara-aisia-eta-kirola-gabonetako-kanpusean\/","title":{"rendered":"Euskara, ocio y deporte en el campus de Navidad"},"content":{"rendered":"<p>Hemos preparado un turno de <strong>campus de Navidad<\/strong> para alumnado de la Ikastola o para ni\u00f1os y ni\u00f1as que no sean alumnas de la Ikastola.<\/p>\n<p><strong>Euskaraz disfrutatu, kirola egin eta ondo pasatu!<\/strong><\/p>\n<p><strong>Inscripci\u00f3n<\/strong>: como recoge el folleto informativo, las familias socias de Lauro la realizar\u00e1n a trav\u00e9s de Alexia; y quienes no lo sean, con el impreso de inscripci\u00f3n disponible en <a href=\"https:\/\/www.laurofundazioa.eus\/es\/opor-kanpusak\/\">este apartado<\/a>.<\/p>\n<p>Plazo de inscripci\u00f3n: <strong>9 de diciembre, martes<\/strong>.<\/p>\n<p>Las inscripciones realizadas antes del 30 de noviembre tendr\u00e1n \u00a1un 5% de descuento!<\/p>\n","protected":false},"excerpt":{"rendered":"<p>Hemos preparado un turno de campus de Navidad para alumnado de la Ikastola o para ni\u00f1os y ni\u00f1as que no sean alumnas de la Ikastola. Euskaraz disfrutatu, kirola egin eta ondo pasatu! Inscripci\u00f3n: como recoge el folleto informativo, las familias socias de Lauro la realizar\u00e1n a trav\u00e9s de Alexia; y quienes no lo sean, con [&hellip;]<\/p>\n","protected":false},"author":1,"featured_media":15189,"comment_status":"closed","ping_status":"closed","sticky":false,"template":"","format":"standard","meta":{"footnotes":""},"categories":[101],"tags":[],"class_list":["post-15424","post","type-post","status-publish","format-standard","has-post-thumbnail","hentry","category-fundazioa-es"],"_links":{"self":[{"href":"https:\/\/www.laurofundazioa.eus\/es\/wp-json\/wp\/v2\/posts\/15424","targetHints":{"allow":["GET"]}}],"collection":[{"href":"https:\/\/www.laurofundazioa.eus\/es\/wp-json\/wp\/v2\/posts"}],"about":[{"href":"https:\/\/www.laurofundazioa.eus\/es\/wp-json\/wp\/v2\/types\/post"}],"author":[{"embeddable":true,"href":"https:\/\/www.laurofundazioa.eus\/es\/wp-json\/wp\/v2\/users\/1"}],"replies":[{"embeddable":true,"href":"https:\/\/www.laurofundazioa.eus\/es\/wp-json\/wp\/v2\/comments?post=15424"}],"version-history":[{"count":3,"href":"https:\/\/www.laurofundazioa.eus\/es\/wp-json\/wp\/v2\/posts\/15424\/revisions"}],"predecessor-version":[{"id":15429,"href":"https:\/\/www.laurofundazioa.eus\/es\/wp-json\/wp\/v2\/posts\/15424\/revisions\/15429"}],"wp:featuredmedia":[{"embeddable":true,"href":"https:\/\/www.laurofundazioa.eus\/es\/wp-json\/wp\/v2\/media\/15189"}],"wp:attachment":[{"href":"https:\/\/www.laurofundazioa.eus\/es\/wp-json\/wp\/v2\/media?parent=15424"}],"wp:term":[{"taxonomy":"category","embeddable":true,"href":"https:\/\/www.laurofundazioa.eus\/es\/wp-json\/wp\/v2\/categories?post=15424"},{"taxonomy":"post_tag","embeddable":true,"href":"https:\/\/www.laurofundazioa.eus\/es\/wp-json\/wp\/v2\/tags?post=15424"}],"curies":[{"name":"wp","href":"https:\/\/api.w.org\/{rel}","templated":true}]}}