{"id":15976,"date":"2026-01-23T16:06:40","date_gmt":"2026-01-23T15:06:40","guid":{"rendered":"https:\/\/www.laurofundazioa.eus\/ibilaldia-baltzolako-kobetara-4-5-urteko-umeekin\/"},"modified":"2026-01-23T16:09:13","modified_gmt":"2026-01-23T15:09:13","slug":"ibilaldia-baltzolako-kobetara-4-5-urteko-umeekin","status":"publish","type":"post","link":"https:\/\/www.laurofundazioa.eus\/es\/ibilaldia-baltzolako-kobetara-4-5-urteko-umeekin\/","title":{"rendered":"Excursi\u00f3n a las cuevas de Baltzola con ni\u00f1os y ni\u00f1as de 4-5 a\u00f1os"},"content":{"rendered":"","protected":false},"excerpt":{"rendered":"","protected":false},"author":2,"featured_media":15978,"comment_status":"closed","ping_status":"closed","sticky":false,"template":"","format":"standard","meta":{"footnotes":""},"categories":[101],"tags":[],"class_list":["post-15976","post","type-post","status-publish","format-standard","has-post-thumbnail","hentry","category-fundazioa-es"],"_links":{"self":[{"href":"https:\/\/www.laurofundazioa.eus\/es\/wp-json\/wp\/v2\/posts\/15976","targetHints":{"allow":["GET"]}}],"collection":[{"href":"https:\/\/www.laurofundazioa.eus\/es\/wp-json\/wp\/v2\/posts"}],"about":[{"href":"https:\/\/www.laurofundazioa.eus\/es\/wp-json\/wp\/v2\/types\/post"}],"author":[{"embeddable":true,"href":"https:\/\/www.laurofundazioa.eus\/es\/wp-json\/wp\/v2\/users\/2"}],"replies":[{"embeddable":true,"href":"https:\/\/www.laurofundazioa.eus\/es\/wp-json\/wp\/v2\/comments?post=15976"}],"version-history":[{"count":2,"href":"https:\/\/www.laurofundazioa.eus\/es\/wp-json\/wp\/v2\/posts\/15976\/revisions"}],"predecessor-version":[{"id":15981,"href":"https:\/\/www.laurofundazioa.eus\/es\/wp-json\/wp\/v2\/posts\/15976\/revisions\/15981"}],"wp:featuredmedia":[{"embeddable":true,"href":"https:\/\/www.laurofundazioa.eus\/es\/wp-json\/wp\/v2\/media\/15978"}],"wp:attachment":[{"href":"https:\/\/www.laurofundazioa.eus\/es\/wp-json\/wp\/v2\/media?parent=15976"}],"wp:term":[{"taxonomy":"category","embeddable":true,"href":"https:\/\/www.laurofundazioa.eus\/es\/wp-json\/wp\/v2\/categories?post=15976"},{"taxonomy":"post_tag","embeddable":true,"href":"https:\/\/www.laurofundazioa.eus\/es\/wp-json\/wp\/v2\/tags?post=15976"}],"curies":[{"name":"wp","href":"https:\/\/api.w.org\/{rel}","templated":true}]}}